{"id":708,"date":"2019-09-04T05:34:39","date_gmt":"2019-09-04T05:34:39","guid":{"rendered":"http:\/\/accioncolombia.org\/?p=708"},"modified":"2020-06-16T20:21:32","modified_gmt":"2020-06-16T20:21:32","slug":"mariposas-amarillas-en-otono-yellow-butterflies-in-autumn-2019","status":"publish","type":"post","link":"https:\/\/accioncolombia.org\/en\/mariposas-amarillas-en-otono-yellow-butterflies-in-autumn-2019\/","title":{"rendered":"Mariposas Amarillas en Oto\u00f1o \/ Yellow Butterflies in Autumn 2019"},"content":{"rendered":"<figure class=\"wp-block-image\"><img fetchpriority=\"high\" decoding=\"async\" width=\"550\" height=\"850\" src=\"http:\/\/accioncolombia.org\/wp-content\/uploads\/mariposas-gabo-2019.jpg\" alt=\"Mariposas Amarillas Gabo 2019\" class=\"wp-image-719\" srcset=\"https:\/\/accioncolombia.org\/wp-content\/uploads\/mariposas-gabo-2019.jpg 550w, https:\/\/accioncolombia.org\/wp-content\/uploads\/mariposas-gabo-2019-194x300.jpg 194w\" sizes=\"(max-width: 550px) 100vw, 550px\" \/><\/figure>\n\n\n\n<p><strong>Gabriel Garc\u00eda M\u00e1rquez<\/strong>, desde la perspectiva anecd\u00f3tica, period\u00edstica, esc\u00e9nica, musical y su experiencia en M\u00e9xico.<\/p>\n\n\n\n<p><strong>Apertura<\/strong> con Jorge Garc\u00eda y su grupo Impacto Vallenato T\u00edpico<\/p>\n\n\n\n<p>Temas de la celebraci\u00f3n:<\/p>\n\n\n\n<p><strong>An\u00e9cdotas sobre el ni\u00f1o Gabito: Del mundo real a lo real m\u00e1gico. Stella J. Potes Curci<\/strong>, (Cali, Colombia, 1951) M.A en Espa\u00f1ol, Temple University, Filadelfia, PA; Licenciatura en Lenguas Modernas, Universidad del Valle, Cali, Colombia. Profesora, Actriz y Promotora Cultural. (Este programa ser\u00e1 presentado en ausencia por <strong>Soledad Ch\u00e1vez-Plumley<\/strong> (Jes\u00fas Mar\u00eda, Santander, Colombia). MA en Estudios Biling\u00fces y Biculturales. La Salle University, Filadelfia, PA. Poeta, prosista, escritora de libros infantiles.<\/p>\n\n\n\n<p><strong>El reportero: Transici\u00f3n del periodismo a la narrativa. Mariangeli Castro Garc\u00eda<\/strong>, (Puerto Rico, 1986) Periodismo y Telecomunicaci\u00f3n, Universidad del Sagrado Coraz\u00f3n, Puerto Rico. Reportera en el peri\u00f3dico Primera Hora. Profesora de Espa\u00f1ol.  Reside en Filadelfia, PA.<\/p>\n\n\n\n<p><strong>Lectura dramatizada: \u201cDiatriba de amor contra un hombre sentado\u201d. Mar\u00eda del Pilar Rodr\u00edguez J<\/strong>., (Cali, Colombia) Estudiante en la Licenciatura de Arte Dram\u00e1tico, Universidad del Valle, Cali, Colombia.  Actualmente estudia actuaci\u00f3n en Filadelfia, PA. Inter\u00e9s en la literatura fant\u00e1stica y en la dramatizaci\u00f3n de textos literarios.<\/p>\n\n\n\n<p><strong>De la m\u00fasica a Gabo y de Gabo a la m\u00fasica. Norma Corrales-Martin<\/strong>, (Santa Cruz de Lorica, Colombia) PHD. Profesora de Espa\u00f1ol. Departamento de Espa\u00f1ol y Portugu\u00e9s. Temple University, Filadelfia, PA.<\/p>\n\n\n\n<p><strong>Gabo en M\u00e9xico. Tom\u00e1s Hidalgo Neva<\/strong>. (Ciudad de M\u00e9xico). Profesor Asistente, Departamento De Lenguas Romances, Villanova University, Filadelfia, PA.  Labor\u00f3 para el diario mexicano Reforma. Profesor de Literatura, Instituto Nacional de Bellas Artes, M\u00e9xico, D.F.  Ha explorado las diversas representaciones de la violencia pol\u00edtica en el cine, la literatura y los medios masivos de comunicaci\u00f3n.<\/p>\n\n\n\n<p>Cierre del programa:<\/p>\n\n\n\n<p><strong>Melod\u00edas de canta-autores de la Costa Atl\u00e1ntica de Colombia<\/strong>. Int\u00e9rprete: <strong>Chosen Benson<\/strong>, Northeast High School, Honor student.<\/p>\n\n\n\n<p>\u2026 fortalecer el liderazgo en la comunidad colombiana y latina<br>\n a trav\u00e9s del arte, la cultura y el compromiso c\u00edvico \u2026&#8221;<\/p>\n\n\n\n<h2 class=\"wp-block-heading\"><\/h2>","protected":false},"excerpt":{"rendered":"<p>Gabriel Garc\u00eda M\u00e1rquez, desde la perspectiva anecd\u00f3tica, period\u00edstica, esc\u00e9nica, musical y su experiencia en M\u00e9xico. Apertura con Jorge Garc\u00eda y su grupo Impacto Vallenato T\u00edpico Temas de la celebraci\u00f3n: An\u00e9cdotas sobre el ni\u00f1o Gabito: Del mundo real a lo real m\u00e1gico. Stella J. Potes Curci, (Cali, Colombia, 1951) M.A en Espa\u00f1ol, Temple University, Filadelfia, PA; [&hellip;]<\/p>\n","protected":false},"author":2,"featured_media":0,"comment_status":"closed","ping_status":"open","sticky":false,"template":"","format":"standard","meta":{"_jetpack_memberships_contains_paid_content":false,"footnotes":""},"categories":[3],"tags":[],"class_list":["post-708","post","type-post","status-publish","format-standard","hentry","category-eventos"],"yoast_head":"<!-- This site is optimized with the Yoast SEO plugin v27.5 - https:\/\/yoast.com\/product\/yoast-seo-wordpress\/ -->\n<title>Mariposas Amarillas en Oto\u00f1o \/ Yellow Butterflies in Autumn 2019 - Accion Colombia<\/title>\n<meta name=\"robots\" content=\"index, follow, max-snippet:-1, max-image-preview:large, max-video-preview:-1\" \/>\n<link rel=\"canonical\" href=\"https:\/\/accioncolombia.org\/en\/mariposas-amarillas-en-otono-yellow-butterflies-in-autumn-2019\/\" \/>\n<meta property=\"og:locale\" content=\"en_US\" \/>\n<meta property=\"og:type\" content=\"article\" \/>\n<meta property=\"og:title\" content=\"Mariposas Amarillas en Oto\u00f1o \/ Yellow Butterflies in Autumn 2019 - Accion Colombia\" \/>\n<meta property=\"og:description\" content=\"Gabriel Garc\u00eda M\u00e1rquez, desde la perspectiva anecd\u00f3tica, period\u00edstica, esc\u00e9nica, musical y su experiencia en M\u00e9xico. Apertura con Jorge Garc\u00eda y su grupo Impacto Vallenato T\u00edpico Temas de la celebraci\u00f3n: An\u00e9cdotas sobre el ni\u00f1o Gabito: Del mundo real a lo real m\u00e1gico. Stella J. Potes Curci, (Cali, Colombia, 1951) M.A en Espa\u00f1ol, Temple University, Filadelfia, PA; [&hellip;]\" \/>\n<meta property=\"og:url\" content=\"https:\/\/accioncolombia.org\/en\/mariposas-amarillas-en-otono-yellow-butterflies-in-autumn-2019\/\" \/>\n<meta property=\"og:site_name\" content=\"Accion Colombia\" \/>\n<meta property=\"article:publisher\" content=\"https:\/\/www.facebook.com\/AccionColombiaPhilly\/\" \/>\n<meta property=\"article:published_time\" content=\"2019-09-04T05:34:39+00:00\" \/>\n<meta property=\"article:modified_time\" content=\"2020-06-16T20:21:32+00:00\" \/>\n<meta property=\"og:image\" content=\"http:\/\/accioncolombia.org\/wp-content\/uploads\/mariposas-gabo-2019.jpg\" \/>\n<meta name=\"author\" content=\"accionct25\" \/>\n<meta name=\"twitter:card\" content=\"summary_large_image\" \/>\n<meta name=\"twitter:creator\" content=\"@accioncolombia1\" \/>\n<meta name=\"twitter:site\" content=\"@accioncolombia1\" \/>\n<meta name=\"twitter:label1\" content=\"Written by\" \/>\n\t<meta name=\"twitter:data1\" content=\"accionct25\" \/>\n\t<meta name=\"twitter:label2\" content=\"Est. reading time\" \/>\n\t<meta name=\"twitter:data2\" content=\"2 minutes\" \/>\n<script type=\"application\/ld+json\" class=\"yoast-schema-graph\">{\"@context\":\"https:\\\/\\\/schema.org\",\"@graph\":[{\"@type\":\"Article\",\"@id\":\"https:\\\/\\\/accioncolombia.org\\\/mariposas-amarillas-en-otono-yellow-butterflies-in-autumn-2019\\\/#article\",\"isPartOf\":{\"@id\":\"https:\\\/\\\/accioncolombia.org\\\/mariposas-amarillas-en-otono-yellow-butterflies-in-autumn-2019\\\/\"},\"author\":{\"name\":\"accionct25\",\"@id\":\"https:\\\/\\\/accioncolombia.org\\\/#\\\/schema\\\/person\\\/fa56b2b3f42f8cbc970caab6af140a0d\"},\"headline\":\"Mariposas Amarillas en Oto\u00f1o \\\/ Yellow Butterflies in Autumn 2019\",\"datePublished\":\"2019-09-04T05:34:39+00:00\",\"dateModified\":\"2020-06-16T20:21:32+00:00\",\"mainEntityOfPage\":{\"@id\":\"https:\\\/\\\/accioncolombia.org\\\/mariposas-amarillas-en-otono-yellow-butterflies-in-autumn-2019\\\/\"},\"wordCount\":361,\"publisher\":{\"@id\":\"https:\\\/\\\/accioncolombia.org\\\/#organization\"},\"image\":{\"@id\":\"https:\\\/\\\/accioncolombia.org\\\/mariposas-amarillas-en-otono-yellow-butterflies-in-autumn-2019\\\/#primaryimage\"},\"thumbnailUrl\":\"http:\\\/\\\/accioncolombia.org\\\/wp-content\\\/uploads\\\/mariposas-gabo-2019.jpg\",\"articleSection\":[\"Eventos\"],\"inLanguage\":\"en-US\"},{\"@type\":\"WebPage\",\"@id\":\"https:\\\/\\\/accioncolombia.org\\\/mariposas-amarillas-en-otono-yellow-butterflies-in-autumn-2019\\\/\",\"url\":\"https:\\\/\\\/accioncolombia.org\\\/mariposas-amarillas-en-otono-yellow-butterflies-in-autumn-2019\\\/\",\"name\":\"Mariposas Amarillas en Oto\u00f1o \\\/ Yellow Butterflies in Autumn 2019 - Accion Colombia\",\"isPartOf\":{\"@id\":\"https:\\\/\\\/accioncolombia.org\\\/#website\"},\"primaryImageOfPage\":{\"@id\":\"https:\\\/\\\/accioncolombia.org\\\/mariposas-amarillas-en-otono-yellow-butterflies-in-autumn-2019\\\/#primaryimage\"},\"image\":{\"@id\":\"https:\\\/\\\/accioncolombia.org\\\/mariposas-amarillas-en-otono-yellow-butterflies-in-autumn-2019\\\/#primaryimage\"},\"thumbnailUrl\":\"http:\\\/\\\/accioncolombia.org\\\/wp-content\\\/uploads\\\/mariposas-gabo-2019.jpg\",\"datePublished\":\"2019-09-04T05:34:39+00:00\",\"dateModified\":\"2020-06-16T20:21:32+00:00\",\"breadcrumb\":{\"@id\":\"https:\\\/\\\/accioncolombia.org\\\/mariposas-amarillas-en-otono-yellow-butterflies-in-autumn-2019\\\/#breadcrumb\"},\"inLanguage\":\"en-US\",\"potentialAction\":[{\"@type\":\"ReadAction\",\"target\":[\"https:\\\/\\\/accioncolombia.org\\\/mariposas-amarillas-en-otono-yellow-butterflies-in-autumn-2019\\\/\"]}]},{\"@type\":\"ImageObject\",\"inLanguage\":\"en-US\",\"@id\":\"https:\\\/\\\/accioncolombia.org\\\/mariposas-amarillas-en-otono-yellow-butterflies-in-autumn-2019\\\/#primaryimage\",\"url\":\"http:\\\/\\\/accioncolombia.org\\\/wp-content\\\/uploads\\\/mariposas-gabo-2019.jpg\",\"contentUrl\":\"http:\\\/\\\/accioncolombia.org\\\/wp-content\\\/uploads\\\/mariposas-gabo-2019.jpg\"},{\"@type\":\"BreadcrumbList\",\"@id\":\"https:\\\/\\\/accioncolombia.org\\\/mariposas-amarillas-en-otono-yellow-butterflies-in-autumn-2019\\\/#breadcrumb\",\"itemListElement\":[{\"@type\":\"ListItem\",\"position\":1,\"name\":\"Home\",\"item\":\"https:\\\/\\\/accioncolombia.org\\\/\"},{\"@type\":\"ListItem\",\"position\":2,\"name\":\"Mariposas Amarillas en Oto\u00f1o \\\/ Yellow Butterflies in Autumn 2019\"}]},{\"@type\":\"WebSite\",\"@id\":\"https:\\\/\\\/accioncolombia.org\\\/#website\",\"url\":\"https:\\\/\\\/accioncolombia.org\\\/\",\"name\":\"Accion Colombia\",\"description\":\"Una organizaci\u00f3n que crea espacios para mantener vigente la cultura colombiana como parte integral de la diversidad hispana en Pennsylvania, New Jersey y Delaware.\",\"publisher\":{\"@id\":\"https:\\\/\\\/accioncolombia.org\\\/#organization\"},\"potentialAction\":[{\"@type\":\"SearchAction\",\"target\":{\"@type\":\"EntryPoint\",\"urlTemplate\":\"https:\\\/\\\/accioncolombia.org\\\/?s={search_term_string}\"},\"query-input\":{\"@type\":\"PropertyValueSpecification\",\"valueRequired\":true,\"valueName\":\"search_term_string\"}}],\"inLanguage\":\"en-US\"},{\"@type\":\"Organization\",\"@id\":\"https:\\\/\\\/accioncolombia.org\\\/#organization\",\"name\":\"Acci\u00f3n Colombia\",\"url\":\"https:\\\/\\\/accioncolombia.org\\\/\",\"logo\":{\"@type\":\"ImageObject\",\"inLanguage\":\"en-US\",\"@id\":\"https:\\\/\\\/accioncolombia.org\\\/#\\\/schema\\\/logo\\\/image\\\/\",\"url\":\"https:\\\/\\\/accioncolombia.org\\\/wp-content\\\/uploads\\\/logo.jpg\",\"contentUrl\":\"https:\\\/\\\/accioncolombia.org\\\/wp-content\\\/uploads\\\/logo.jpg\",\"width\":400,\"height\":400,\"caption\":\"Acci\u00f3n Colombia\"},\"image\":{\"@id\":\"https:\\\/\\\/accioncolombia.org\\\/#\\\/schema\\\/logo\\\/image\\\/\"},\"sameAs\":[\"https:\\\/\\\/www.facebook.com\\\/AccionColombiaPhilly\\\/\",\"https:\\\/\\\/x.com\\\/accioncolombia1\"]},{\"@type\":\"Person\",\"@id\":\"https:\\\/\\\/accioncolombia.org\\\/#\\\/schema\\\/person\\\/fa56b2b3f42f8cbc970caab6af140a0d\",\"name\":\"accionct25\",\"image\":{\"@type\":\"ImageObject\",\"inLanguage\":\"en-US\",\"@id\":\"https:\\\/\\\/secure.gravatar.com\\\/avatar\\\/821148ddb6ed1c509e0b521c6419c2e75fbb1bada2e1c0ff7a63c857a9357e1f?s=96&d=mm&r=g\",\"url\":\"https:\\\/\\\/secure.gravatar.com\\\/avatar\\\/821148ddb6ed1c509e0b521c6419c2e75fbb1bada2e1c0ff7a63c857a9357e1f?s=96&d=mm&r=g\",\"contentUrl\":\"https:\\\/\\\/secure.gravatar.com\\\/avatar\\\/821148ddb6ed1c509e0b521c6419c2e75fbb1bada2e1c0ff7a63c857a9357e1f?s=96&d=mm&r=g\",\"caption\":\"accionct25\"}}]}<\/script>\n<!-- \/ Yoast SEO plugin. -->","yoast_head_json":{"title":"Mariposas Amarillas en Oto\u00f1o \/ Yellow Butterflies in Autumn 2019 - Accion Colombia","robots":{"index":"index","follow":"follow","max-snippet":"max-snippet:-1","max-image-preview":"max-image-preview:large","max-video-preview":"max-video-preview:-1"},"canonical":"https:\/\/accioncolombia.org\/en\/mariposas-amarillas-en-otono-yellow-butterflies-in-autumn-2019\/","og_locale":"en_US","og_type":"article","og_title":"Mariposas Amarillas en Oto\u00f1o \/ Yellow Butterflies in Autumn 2019 - Accion Colombia","og_description":"Gabriel Garc\u00eda M\u00e1rquez, desde la perspectiva anecd\u00f3tica, period\u00edstica, esc\u00e9nica, musical y su experiencia en M\u00e9xico. Apertura con Jorge Garc\u00eda y su grupo Impacto Vallenato T\u00edpico Temas de la celebraci\u00f3n: An\u00e9cdotas sobre el ni\u00f1o Gabito: Del mundo real a lo real m\u00e1gico. Stella J. Potes Curci, (Cali, Colombia, 1951) M.A en Espa\u00f1ol, Temple University, Filadelfia, PA; [&hellip;]","og_url":"https:\/\/accioncolombia.org\/en\/mariposas-amarillas-en-otono-yellow-butterflies-in-autumn-2019\/","og_site_name":"Accion Colombia","article_publisher":"https:\/\/www.facebook.com\/AccionColombiaPhilly\/","article_published_time":"2019-09-04T05:34:39+00:00","article_modified_time":"2020-06-16T20:21:32+00:00","og_image":[{"url":"http:\/\/accioncolombia.org\/wp-content\/uploads\/mariposas-gabo-2019.jpg","type":"","width":"","height":""}],"author":"accionct25","twitter_card":"summary_large_image","twitter_creator":"@accioncolombia1","twitter_site":"@accioncolombia1","twitter_misc":{"Written by":"accionct25","Est. reading time":"2 minutes"},"schema":{"@context":"https:\/\/schema.org","@graph":[{"@type":"Article","@id":"https:\/\/accioncolombia.org\/mariposas-amarillas-en-otono-yellow-butterflies-in-autumn-2019\/#article","isPartOf":{"@id":"https:\/\/accioncolombia.org\/mariposas-amarillas-en-otono-yellow-butterflies-in-autumn-2019\/"},"author":{"name":"accionct25","@id":"https:\/\/accioncolombia.org\/#\/schema\/person\/fa56b2b3f42f8cbc970caab6af140a0d"},"headline":"Mariposas Amarillas en Oto\u00f1o \/ Yellow Butterflies in Autumn 2019","datePublished":"2019-09-04T05:34:39+00:00","dateModified":"2020-06-16T20:21:32+00:00","mainEntityOfPage":{"@id":"https:\/\/accioncolombia.org\/mariposas-amarillas-en-otono-yellow-butterflies-in-autumn-2019\/"},"wordCount":361,"publisher":{"@id":"https:\/\/accioncolombia.org\/#organization"},"image":{"@id":"https:\/\/accioncolombia.org\/mariposas-amarillas-en-otono-yellow-butterflies-in-autumn-2019\/#primaryimage"},"thumbnailUrl":"http:\/\/accioncolombia.org\/wp-content\/uploads\/mariposas-gabo-2019.jpg","articleSection":["Eventos"],"inLanguage":"en-US"},{"@type":"WebPage","@id":"https:\/\/accioncolombia.org\/mariposas-amarillas-en-otono-yellow-butterflies-in-autumn-2019\/","url":"https:\/\/accioncolombia.org\/mariposas-amarillas-en-otono-yellow-butterflies-in-autumn-2019\/","name":"Mariposas Amarillas en Oto\u00f1o \/ Yellow Butterflies in Autumn 2019 - Accion Colombia","isPartOf":{"@id":"https:\/\/accioncolombia.org\/#website"},"primaryImageOfPage":{"@id":"https:\/\/accioncolombia.org\/mariposas-amarillas-en-otono-yellow-butterflies-in-autumn-2019\/#primaryimage"},"image":{"@id":"https:\/\/accioncolombia.org\/mariposas-amarillas-en-otono-yellow-butterflies-in-autumn-2019\/#primaryimage"},"thumbnailUrl":"http:\/\/accioncolombia.org\/wp-content\/uploads\/mariposas-gabo-2019.jpg","datePublished":"2019-09-04T05:34:39+00:00","dateModified":"2020-06-16T20:21:32+00:00","breadcrumb":{"@id":"https:\/\/accioncolombia.org\/mariposas-amarillas-en-otono-yellow-butterflies-in-autumn-2019\/#breadcrumb"},"inLanguage":"en-US","potentialAction":[{"@type":"ReadAction","target":["https:\/\/accioncolombia.org\/mariposas-amarillas-en-otono-yellow-butterflies-in-autumn-2019\/"]}]},{"@type":"ImageObject","inLanguage":"en-US","@id":"https:\/\/accioncolombia.org\/mariposas-amarillas-en-otono-yellow-butterflies-in-autumn-2019\/#primaryimage","url":"http:\/\/accioncolombia.org\/wp-content\/uploads\/mariposas-gabo-2019.jpg","contentUrl":"http:\/\/accioncolombia.org\/wp-content\/uploads\/mariposas-gabo-2019.jpg"},{"@type":"BreadcrumbList","@id":"https:\/\/accioncolombia.org\/mariposas-amarillas-en-otono-yellow-butterflies-in-autumn-2019\/#breadcrumb","itemListElement":[{"@type":"ListItem","position":1,"name":"Home","item":"https:\/\/accioncolombia.org\/"},{"@type":"ListItem","position":2,"name":"Mariposas Amarillas en Oto\u00f1o \/ Yellow Butterflies in Autumn 2019"}]},{"@type":"WebSite","@id":"https:\/\/accioncolombia.org\/#website","url":"https:\/\/accioncolombia.org\/","name":"Accion Colombia","description":"Una organizaci\u00f3n que crea espacios para mantener vigente la cultura colombiana como parte integral de la diversidad hispana en Pennsylvania, New Jersey y Delaware.","publisher":{"@id":"https:\/\/accioncolombia.org\/#organization"},"potentialAction":[{"@type":"SearchAction","target":{"@type":"EntryPoint","urlTemplate":"https:\/\/accioncolombia.org\/?s={search_term_string}"},"query-input":{"@type":"PropertyValueSpecification","valueRequired":true,"valueName":"search_term_string"}}],"inLanguage":"en-US"},{"@type":"Organization","@id":"https:\/\/accioncolombia.org\/#organization","name":"Acci\u00f3n Colombia","url":"https:\/\/accioncolombia.org\/","logo":{"@type":"ImageObject","inLanguage":"en-US","@id":"https:\/\/accioncolombia.org\/#\/schema\/logo\/image\/","url":"https:\/\/accioncolombia.org\/wp-content\/uploads\/logo.jpg","contentUrl":"https:\/\/accioncolombia.org\/wp-content\/uploads\/logo.jpg","width":400,"height":400,"caption":"Acci\u00f3n Colombia"},"image":{"@id":"https:\/\/accioncolombia.org\/#\/schema\/logo\/image\/"},"sameAs":["https:\/\/www.facebook.com\/AccionColombiaPhilly\/","https:\/\/x.com\/accioncolombia1"]},{"@type":"Person","@id":"https:\/\/accioncolombia.org\/#\/schema\/person\/fa56b2b3f42f8cbc970caab6af140a0d","name":"accionct25","image":{"@type":"ImageObject","inLanguage":"en-US","@id":"https:\/\/secure.gravatar.com\/avatar\/821148ddb6ed1c509e0b521c6419c2e75fbb1bada2e1c0ff7a63c857a9357e1f?s=96&d=mm&r=g","url":"https:\/\/secure.gravatar.com\/avatar\/821148ddb6ed1c509e0b521c6419c2e75fbb1bada2e1c0ff7a63c857a9357e1f?s=96&d=mm&r=g","contentUrl":"https:\/\/secure.gravatar.com\/avatar\/821148ddb6ed1c509e0b521c6419c2e75fbb1bada2e1c0ff7a63c857a9357e1f?s=96&d=mm&r=g","caption":"accionct25"}}]}},"jetpack_featured_media_url":"","jetpack_sharing_enabled":true,"_links":{"self":[{"href":"https:\/\/accioncolombia.org\/en\/wp-json\/wp\/v2\/posts\/708","targetHints":{"allow":["GET"]}}],"collection":[{"href":"https:\/\/accioncolombia.org\/en\/wp-json\/wp\/v2\/posts"}],"about":[{"href":"https:\/\/accioncolombia.org\/en\/wp-json\/wp\/v2\/types\/post"}],"author":[{"embeddable":true,"href":"https:\/\/accioncolombia.org\/en\/wp-json\/wp\/v2\/users\/2"}],"replies":[{"embeddable":true,"href":"https:\/\/accioncolombia.org\/en\/wp-json\/wp\/v2\/comments?post=708"}],"version-history":[{"count":4,"href":"https:\/\/accioncolombia.org\/en\/wp-json\/wp\/v2\/posts\/708\/revisions"}],"predecessor-version":[{"id":722,"href":"https:\/\/accioncolombia.org\/en\/wp-json\/wp\/v2\/posts\/708\/revisions\/722"}],"wp:attachment":[{"href":"https:\/\/accioncolombia.org\/en\/wp-json\/wp\/v2\/media?parent=708"}],"wp:term":[{"taxonomy":"category","embeddable":true,"href":"https:\/\/accioncolombia.org\/en\/wp-json\/wp\/v2\/categories?post=708"},{"taxonomy":"post_tag","embeddable":true,"href":"https:\/\/accioncolombia.org\/en\/wp-json\/wp\/v2\/tags?post=708"}],"curies":[{"name":"wp","href":"https:\/\/api.w.org\/{rel}","templated":true}]}}